{"id":1803,"date":"2017-05-10T02:59:19","date_gmt":"2017-05-10T02:59:19","guid":{"rendered":"http:\/\/www.apm-multisports.com\/?p=1803"},"modified":"2017-05-15T02:56:11","modified_gmt":"2017-05-15T02:56:11","slug":"camp-itinerant-12-16-ans","status":"publish","type":"post","link":"https:\/\/www.apm-multisports.com\/?p=1803","title":{"rendered":"CAMP itinerant 12-16 ans"},"content":{"rendered":"<h1>SUMMER CAMP 2017<\/h1>\n<h3>Ouverts aux jeuns gar\u00e7ons et filles de 12 \u00e0 16 ans qui veulent vivre une aventure sportive et humaine exceptionnelle.<\/h3>\n<h3>Du sport de pleine nature, de la solidarit\u00e9, des jeux, de servitudes du quotidiens et de la bonne humeur!<\/h3>\n<h3>Du lundi 10 au vendredi 21 juillet, les 16 adolescents vont vivre une aventure inoubliable !<\/h3>\n<h3>Si vous Voulez voir le r\u00e9sum\u00e9 du summer camp 2016 suivez ce lien <a href=\"https:\/\/www.youtube.com\/watch?v=ItnaesCodyI&amp;t=60s\" target=\"_blank\">(VIDEO)<\/a><\/h3>\n<h1><span style=\"color: #ffff00;\">Dossier d&rsquo;inscription:<\/span><\/h1>\n<ul>\n<li>Fiche d&rsquo;inscription compl\u00e9t\u00e9e et sign\u00e9e <a href=\"http:\/\/www.apm-multisports.com\/wp-content\/uploads\/2017\/05\/FICHE-INSCRIPTION-SUMMER-CAMP-17.pdf\" target=\"_blank\">(CLIQUER ICI)<\/a><\/li>\n<li>Certificat m\u00e9dical de non contre indication aux sports aquatique, VTT, et randonn\u00e9e.<\/li>\n<li>Demande de licence remplie et sign\u00e9e <a href=\"http:\/\/www.apm-multisports.com\/wp-content\/uploads\/2016\/10\/Demande-de-licence-Pratiquant-APM-2016-2017.pdf\" target=\"_blank\">(CLIQUER ICI)<\/a><\/li>\n<li>Le reglement (en 3 fois possible, ANCV, Lattitude, VACAF)<\/li>\n<\/ul>\n<h1><span style=\"color: #ffff00;\">Mat\u00e9riel indispenable \u00e0 fournir:<\/span><\/h1>\n<ul>\n<li>Affaires de toilette<\/li>\n<li>Sac de couchage et tapis de sol<\/li>\n<li>V\u00e9tements pour 8 jours<\/li>\n<li>Lampe de poche<\/li>\n<\/ul>\n<h1><a name=\"_Toc482367572\"><\/a><span style=\"color: #ffff00;\">Le programme du s\u00e9jour:<\/span><\/h1>\n<ul>\n<li><a name=\"_Toc468094187\"><\/a><a name=\"_Toc468096383\"><\/a><a name=\"_Toc482367573\"><\/a><\/li>\n<\/ul>\n<h2><a name=\"_Toc482367574\"><\/a>1.1\u00a0\u00a0\u00a0\u00a0\u00a0\u00a0 Pr\u00e9paration\u00a0: \u00a0du 10 au 13 juillet :<\/h2>\n<p>Du lundi 10\/07\/2017 au jeudi 13\/07\/2017 nous accueillerons le groupe en stage sans h\u00e9bergement. Cela nous permettra de travailler sur la dynamique collective, d\u2019apprendre \u00e0 se connaitre d\u2019\u00e9tablir des r\u00e8gles de fonctionnement et de pr\u00e9parer la logistique du s\u00e9jour ; ainsi qu&rsquo;\u00e0 pratiquer des activit\u00e9s sportives ludiques qui ne pourront \u00eatre pratiqu\u00e9es lors du s\u00e9jour.<\/p>\n<h2><a name=\"_Toc482367575\"><\/a>1.2\u00a0\u00a0\u00a0\u00a0\u00a0\u00a0 S\u00e9jour, planning et activit\u00e9s g\u00e9n\u00e9rales\u00a0du 14 au 21 juillet\u00a0:<\/h2>\n<p>&nbsp;<\/p>\n<table width=\"584\">\n<tbody>\n<tr>\n<td colspan=\"2\" width=\"584\"><strong>Vendredi 14 juillet<\/strong><\/td>\n<\/tr>\n<tr>\n<td width=\"236\">Aix en Pce<\/td>\n<td width=\"347\">Accueil \u00e0 8h00 \u00e0 l\u2019\u00e9cole du Pont de l\u2019Arc<\/td>\n<\/tr>\n<tr>\n<td width=\"236\"><strong>SITE\u00a0:<\/strong> Aix en Pce &amp;<\/p>\n<p>Quinson<\/p>\n<p><strong>Camping <\/strong><\/p>\n<p>Les Pr\u00e8s du Verdon.<\/p>\n<p>04\u00a0500 Quinson<\/p>\n<p><strong>Tel\u00a0:<\/strong> 04 90 97 04 67<\/p>\n<p><strong>TRAJET Minibus\u00a0: <\/strong>70kms, 1h30<\/td>\n<td width=\"347\"><strong>Matin<\/strong>\u00a0: dernier pr\u00e9paratif des minibus, d\u00e9part \u00e0 9h00.Arriv\u00e9e Quinson \u00e0 10h30<\/p>\n<p><strong>Apr\u00e8s-midi<\/strong>\u00a0:<\/p>\n<p>Am\u00e9nagement du campement, d\u00e9couverte camping et r\u00e8gles de vie. Animation Multisports et jeux<\/p>\n<p>Feu d\u2019artifice du 14 juillet, couvre-feu \u00e0 minuit.<\/td>\n<\/tr>\n<\/tbody>\n<\/table>\n<p>&nbsp;<\/p>\n<table width=\"584\">\n<tbody>\n<tr>\n<td colspan=\"2\" width=\"584\"><strong>Samedi 15 juillet<\/strong><\/td>\n<\/tr>\n<tr>\n<td width=\"236\"><strong>SITE\u00a0: Quinson<\/strong><\/p>\n<p><strong>Camping <\/strong><\/p>\n<p>Les Pr\u00e8s du Verdon.<\/p>\n<p>04\u00a0500 Quinson<\/p>\n<p><strong>Tel\u00a0:<\/strong> 04 30 05 15 19<\/td>\n<td width=\"347\">Lev\u00e9 7h30.<\/p>\n<p><strong>ACTIVITE JOURNEE\u00a0:<\/strong><\/p>\n<p>09h30-17h00<\/p>\n<p>Randonn\u00e9e du garde canal \u00e0 pied. De Quinson au lac d\u2019Esparron. Retour au camping \u00e0 18h00<\/p>\n<p>Couvre-feu \u00e0 23h00<\/td>\n<\/tr>\n<\/tbody>\n<\/table>\n<p>&nbsp;<\/p>\n<table width=\"586\">\n<tbody>\n<tr>\n<td colspan=\"2\" width=\"586\"><strong>Dimanche 16 juillet<\/strong><\/td>\n<\/tr>\n<tr>\n<td width=\"236\"><strong>SITE\u00a0<\/strong>: Quinson &amp; Moustier Sainte Marie<\/p>\n<p><strong>Camping <\/strong><\/p>\n<p>Les Pr\u00e9s du Verdon.<\/p>\n<p>04\u00a0500 Quinson<\/p>\n<p><strong>Tel\u00a0:\u00a0<\/strong>04 30 05 15 19<\/p>\n<p><strong>TRAJET Minibus\u00a0: <\/strong>30kms, 35 min<\/td>\n<td width=\"350\">Lev\u00e9 8h00,<\/p>\n<p><strong>ACTIVITE JOURNEE\u00a0:<\/strong><\/p>\n<p>10h00-18h00<strong>\u00a0: <\/strong><\/p>\n<p>Course d&rsquo;orientation urbaine \u00e0 Moustier Sainte Marie \u00e0 la d\u00e9couverte du village et de son histoire<\/p>\n<p>Retour au camping \u00e0 18h00<\/p>\n<p>23h00\u00a0: couvre-feu<\/td>\n<\/tr>\n<\/tbody>\n<\/table>\n<p>&nbsp;<\/p>\n<table width=\"584\">\n<tbody>\n<tr>\n<td colspan=\"2\" width=\"584\"><strong>Lundi 17 juillet<\/strong><\/td>\n<\/tr>\n<tr>\n<td width=\"236\"><strong>SITE\u00a0:<\/strong> Quinson &#8211; Lac d\u2019Esparron<\/p>\n<p><strong>Camping <\/strong><\/p>\n<p>Les Pr\u00e9s du Verdon.<\/p>\n<p>04\u00a0500 Quinson<\/p>\n<p><strong>Tel\u00a0:<\/strong> 04 30 05 15 19<\/td>\n<td width=\"347\">Lev\u00e9 7h30<\/p>\n<p><strong>JOURNEE\u00a0<\/strong>:<\/p>\n<p>10h00-17h00\u00a0:<\/p>\n<p>Remont\u00e9e et descente du Verdon en cano\u00eb<\/p>\n<p>Rangement du campement pr\u00e9paration du d\u00e9part vers Eourres. 22h00 couvre-feu<\/td>\n<\/tr>\n<\/tbody>\n<\/table>\n<p>&nbsp;<\/p>\n<table width=\"586\">\n<tbody>\n<tr>\n<td colspan=\"2\" width=\"586\"><strong>Mardi 18 juillet<\/strong><\/td>\n<\/tr>\n<tr>\n<td width=\"227\"><strong>SITE\u00a0:<\/strong> Quinson \u2013 Eourres<\/p>\n<p><strong>Camping\u00a0: <\/strong><\/p>\n<p>Camping Bamboul&rsquo;ane<\/p>\n<p>Pr\u00e9 Du Meinge,<\/p>\n<p>05300 \u00c9OURRES<\/p>\n<p><strong>Tel\u00a0:<\/strong> 06.61.00.49.71<\/p>\n<p><strong>TRAJET Minibus\u00a0: <\/strong>115kms, 2h15<\/td>\n<td width=\"359\">Lev\u00e9 6h30<\/p>\n<p><strong>Matin\u00a0:<\/strong> Trajet en camion de Quinson \u00e0 Eourres. Arriv\u00e9e au point de d\u00e9part du trekking avec les \u00e2nes \u00ab\u00a0Bamboul\u2019ane\u00a0\u00bb, pr\u00e9paration des animaux et d\u00e9part trekking<\/p>\n<p><strong>Apr\u00e8s-midi\u00a0:<\/strong> trekking avec les \u00e2nes<\/p>\n<p>Et bivouac au bord de la rivi\u00e8re \u00ab\u00a0La M\u00e9ouge\u00a0\u00bb<\/p>\n<p>Couvre-feu\u00a0: 23h00<\/td>\n<\/tr>\n<\/tbody>\n<\/table>\n<p>&nbsp;<\/p>\n<table width=\"586\">\n<tbody>\n<tr>\n<td colspan=\"2\" width=\"586\"><strong>Mercredi 19 juillet<\/strong><\/td>\n<\/tr>\n<tr>\n<td width=\"189\"><strong>SITE\u00a0:<\/strong> Eourres (05)<\/p>\n<p><strong>Camping\u00a0: <\/strong><\/p>\n<p>Camping Bamboul&rsquo;ane<\/p>\n<p>Pr\u00e9 Du Meinge,<\/p>\n<p>05300 \u00c9OURRES<\/p>\n<p><strong>Tel\u00a0:<\/strong> 06.61.00.49.71<\/td>\n<td width=\"397\">Lev\u00e9 7h30<\/p>\n<p><strong>Matin\u00a0:<\/strong> Suite trekking. D\u00e9couverte des paysages entre Hautes-Alpes, Alpes de hautes Provence et Dr\u00f4me<\/p>\n<p><strong>Apr\u00e8s-midi\u00a0:<\/strong> Fin du trekking et remise en libert\u00e9 des \u00e2nes.<\/p>\n<p>Nuit au camping Bamboulane<\/p>\n<p>23h00 : couvre-feux<\/td>\n<\/tr>\n<\/tbody>\n<\/table>\n<p>&nbsp;<\/p>\n<table width=\"586\">\n<tbody>\n<tr>\n<td colspan=\"2\" width=\"586\"><strong>Jeudi 20 juillet<\/strong><\/td>\n<\/tr>\n<tr>\n<td width=\"236\"><strong>SITE\u00a0:<\/strong> Camargue<\/p>\n<p>Saintes-Maries-de-la-Mer<\/p>\n<p><strong>Camping\u00a0:<\/strong><\/p>\n<p>Camping La Brise<\/p>\n<p>13\u00a0460 Ste Saintes-Maries-de-la-Mer.<\/p>\n<p><strong>Tel\u00a0:<\/strong> 04 90 97 04 67<\/p>\n<p><strong>TRAJET Minibus\u00a0: <\/strong>190kms, 3h30<\/td>\n<td width=\"350\">Lev\u00e9 8h30<\/p>\n<p><strong>Matin\u00a0:<\/strong> Rangement du camp et d\u00e9part en camion vers la Camargue Ste Marie de la Mer<\/p>\n<p>D\u00e9part 10h30<\/p>\n<p>Pause d\u00e9jeuner aux pieds du Ventoux<\/p>\n<p><strong>Apr\u00e8s-midi\u00a0:<\/strong> \u00a0fin du trajet, arriv\u00e9e au camping, installation du campement, d\u00e9couverte de la ville et jeux sportifs sur la plage + baignade<\/p>\n<p><strong>Nuit\u00e9e :<\/strong> camping La Brise<\/td>\n<\/tr>\n<\/tbody>\n<\/table>\n<p>&nbsp;<\/p>\n<table width=\"586\">\n<tbody>\n<tr>\n<td colspan=\"2\" width=\"586\"><strong>Vendredi 21 juillet<\/strong><\/td>\n<\/tr>\n<tr>\n<td width=\"236\"><strong>SITE\u00a0:<\/strong> Camargue Stes-Maries de la Mer &amp; Aix en Provence<\/p>\n<p><strong>TRAJET Minibus\u00a0: <\/strong>110kms, 1h30<\/td>\n<td width=\"350\">Lev\u00e9 7h30\u00a0:<\/p>\n<p>Rangement du campement<\/p>\n<p><strong>JOURNEE : <\/strong>VTT \u00e0 travers la Camargue et sur ses bords de plage<\/p>\n<p>Retour \u00e0 Aix en Provence<\/p>\n<p><strong>TRAJET\u00a0: <\/strong><\/td>\n<\/tr>\n<tr>\n<td width=\"236\">Aix en Provence<\/td>\n<td width=\"350\">Arriv\u00e9e \u00e0 l\u2019\u00e9cole \u00e0 18h00<\/p>\n<p>18h00-19h00 pot de l\u2019amiti\u00e9 avec les familles<\/p>\n<p>Fin du s\u00e9jour.<\/td>\n<\/tr>\n<\/tbody>\n<\/table>\n<p>&nbsp;<\/p>\n<p>&nbsp;<\/p>\n","protected":false},"excerpt":{"rendered":"<p>SUMMER CAMP 2017 Ouverts aux jeuns gar\u00e7ons et filles de 12 \u00e0 16 ans qui veulent vivre une aventure sportive et humaine exceptionnelle. Du sport de pleine nature, de la [&hellip;]<\/p>\n","protected":false},"author":7687,"featured_media":0,"comment_status":"closed","ping_status":"closed","sticky":false,"template":"","format":"standard","meta":{"advanced_seo_description":"","jetpack_seo_html_title":"","jetpack_seo_noindex":false,"jetpack_seo_schema_type":"","_price":"","_stock":"","_tribe_ticket_header":"","_tribe_default_ticket_provider":"","_tribe_ticket_capacity":"0","_ticket_start_date":"","_ticket_end_date":"","_tribe_ticket_show_description":"","_tribe_ticket_show_not_going":false,"_tribe_ticket_use_global_stock":"","_tribe_ticket_global_stock_level":"","_global_stock_mode":"","_global_stock_cap":"","_tribe_rsvp_for_event":"","_tribe_ticket_going_count":"","_tribe_ticket_not_going_count":"","_tribe_tickets_list":"[]","_tribe_ticket_has_attendee_info_fields":false,"_jetpack_newsletter_access":"","_jetpack_dont_email_post_to_subs":false,"_jetpack_newsletter_tier_id":0,"_jetpack_memberships_contains_paywalled_content":false,"_jetpack_memberships_contains_paid_content":false,"footnotes":""},"categories":[1],"tags":[],"class_list":["post-1803","post","type-post","status-publish","format-standard","hentry","category-camp-ete"],"jetpack_sharing_enabled":true,"jetpack_featured_media_url":"","_links":{"self":[{"href":"https:\/\/www.apm-multisports.com\/index.php?rest_route=\/wp\/v2\/posts\/1803","targetHints":{"allow":["GET"]}}],"collection":[{"href":"https:\/\/www.apm-multisports.com\/index.php?rest_route=\/wp\/v2\/posts"}],"about":[{"href":"https:\/\/www.apm-multisports.com\/index.php?rest_route=\/wp\/v2\/types\/post"}],"author":[{"embeddable":true,"href":"https:\/\/www.apm-multisports.com\/index.php?rest_route=\/wp\/v2\/users\/7687"}],"replies":[{"embeddable":true,"href":"https:\/\/www.apm-multisports.com\/index.php?rest_route=%2Fwp%2Fv2%2Fcomments&post=1803"}],"version-history":[{"count":8,"href":"https:\/\/www.apm-multisports.com\/index.php?rest_route=\/wp\/v2\/posts\/1803\/revisions"}],"predecessor-version":[{"id":1830,"href":"https:\/\/www.apm-multisports.com\/index.php?rest_route=\/wp\/v2\/posts\/1803\/revisions\/1830"}],"wp:attachment":[{"href":"https:\/\/www.apm-multisports.com\/index.php?rest_route=%2Fwp%2Fv2%2Fmedia&parent=1803"}],"wp:term":[{"taxonomy":"category","embeddable":true,"href":"https:\/\/www.apm-multisports.com\/index.php?rest_route=%2Fwp%2Fv2%2Fcategories&post=1803"},{"taxonomy":"post_tag","embeddable":true,"href":"https:\/\/www.apm-multisports.com\/index.php?rest_route=%2Fwp%2Fv2%2Ftags&post=1803"}],"curies":[{"name":"wp","href":"https:\/\/api.w.org\/{rel}","templated":true}]}}